{"id":3645,"date":"2023-03-22T14:10:02","date_gmt":"2023-03-22T14:10:02","guid":{"rendered":"https:\/\/www.basgroupglobal.com\/blog\/2023\/03\/22\/the-triman\/"},"modified":"2025-03-26T11:33:22","modified_gmt":"2025-03-26T11:33:22","slug":"triman","status":"publish","type":"post","link":"https:\/\/www.basgroupglobal.com\/tr\/triman\/","title":{"rendered":"Triman"},"content":{"rendered":"<p>Politikac\u0131lar, \u00f6zellikle Avrupa&#8217;da daha iyi \u00e7evre korumas\u0131 ve ev ambalajlar\u0131n\u0131n sorumlu kullan\u0131m\u0131 i\u00e7in y\u0131llard\u0131r \u00e7al\u0131\u015f\u0131yorlar. Frans\u0131z \u00c7evre Yasas\u0131, Mad. L541-9-3, \u00fcr\u00fcnlerin do\u011fru imha y\u00f6ntemiyle ilgili olarak nas\u0131l etiketlenmesi gerekti\u011fini belirtir. Bkz: (<a href=\"https:\/\/www.legifrance.gouv.fr\/codes\/article_lc\/LEGIARTI000041556010\" target=\"_blank\" rel=\"noopener\">https:\/\/www.legifrance.gouv.fr\/codes\/article_lc\/LEGIARTI000041556010<\/a>) Fransa&#8217;ya mal ithal ediyorsan\u0131z, yeni yasal d\u00fczenlemeler, uyman\u0131z gereken yeni y\u00fck\u00fcml\u00fcl\u00fckler anlam\u0131na gelir. Bu yaz\u0131m\u0131zda Triman logosu ile ilgili dikkat etmeniz gerekenleri \u00f6\u011freneceksiniz.<\/p>\n<p><strong>Triman Logosu Nedir?<\/strong><\/p>\n<p>Triman logosu 2015 y\u0131l\u0131nda 2014-1577 say\u0131l\u0131 Kararname ile tan\u0131t\u0131ld\u0131. Logo, son t\u00fcketicilere ambalaj\u0131n geri d\u00f6n\u00fc\u015ft\u00fcr\u00fclebilece\u011fini ve bile\u015fenlerinin ayr\u0131 olarak at\u0131lmas\u0131 gerekti\u011fini bildirir. Amac\u0131, t\u00fcketicileri bilgilendirmek ve do\u011fru imha y\u00f6ntemlerini se\u00e7melerine yard\u0131mc\u0131 olmakt\u0131r.<\/p>\n<p><strong>Hangi <\/strong><strong>\u00dc<\/strong><strong>r\u00fcnler \u0130\u00e7<\/strong><strong>in Ge<\/strong><strong>\u00e7erlidir?<\/strong><\/p>\n<p>Triman logosu genellikle Fransa&#8217;da tescile tabi olan \u00fcr\u00fcnler i\u00e7in ge\u00e7erlidir. Bunlara bas\u0131l\u0131 ka\u011f\u0131t \u00fcr\u00fcnleri, ambalaj, giysi ve ayakkab\u0131, elektrikli aletler, piller vb. dahildir. Etiketleme gereklili\u011fi yaln\u0131zca \u00f6zel evlerde kullan\u0131lmak \u00fczere \u00fcretilmi\u015f mallar ve bunlar\u0131n ambalajlar\u0131 i\u00e7in ge\u00e7erlidir. Bu nedenle, a\u00e7\u0131k\u00e7a profesyonel kullan\u0131ma y\u00f6nelik \u00fcr\u00fcnlerde kullanamazs\u0131n\u0131z.<\/p>\n<p><strong>Triman Logosunun Sil\u00fceti<\/strong><\/p>\n<p>Triman logosu, elinde farkl\u0131 y\u00f6nleri g\u00f6steren \u00fc\u00e7 kal\u0131n ok bulunan, kolunu uzatm\u0131\u015f bir ki\u015finin piktogram\u0131ndan olu\u015fur. Siluet, \u00fcr\u00fcn\u00fc veya ambalaj\u0131 ayr\u0131 olarak imha eden \u00e7evreye duyarl\u0131 t\u00fcketiciyi temsil eder. Kaynaklar\u0131n yeniden kullan\u0131ld\u0131\u011f\u0131n\u0131 ve ba\u015fka bir bi\u00e7ime veya kullan\u0131ma d\u00f6n\u00fc\u015ft\u00fcr\u00fcld\u00fc\u011f\u00fcn\u00fc g\u00f6steren \u00fc\u00e7 kal\u0131n okun en \u00fcst\u00fcnden en alt\u0131na do\u011fru i\u015faret eden ince bir okla \u00e7evrilidir. Bu nedenle geri d\u00f6n\u00fc\u015f\u00fcm\u00fc temsil eder.<\/p>\n<p><strong>S\u0131ralama Talimatlar\u0131<\/strong><\/p>\n<p>1 Ocak 2022 tarihinden itibaren, \u00fcr\u00fcne veya ambalaja Triman logosu ve &#8216;info tri&#8217;yi do\u011frudan uygulama zorunlulu\u011fu vard\u0131r. Bu yap\u0131l\u0131rken alt\u0131 milimetrelik minimum boyutu korumal\u0131 ve belirtilen siyah-beyaz veya renkli tasar\u0131ma uymal\u0131s\u0131n\u0131z. Bu m\u00fcmk\u00fcn de\u011filse, logoyu \u00fcr\u00fcnle birlikte sunulan talimatlar veya belgeler \u00fczerinde de basmal\u0131s\u0131n\u0131z.<\/p>\n<p><strong>Son Tarihler<\/strong><\/p>\n<p>9 Mart 2023 tarihine kadar, 2022 y\u0131l\u0131n\u0131n 9 Eyl\u00fcl tarihinden \u00f6nce \u00fcretilen ve yasalara uygun olarak hen\u00fcz etiketlenmemi\u015f ambalajlar\u0131 satmaya devam edebilirsiniz. Ancak, 9 Mart 2023 tarihinden itibaren t\u00fcm ge\u00e7i\u015f d\u00f6nemleri sona erecek ve \u00fcr\u00fcnleriniz etiketleme gereksinimlerine uymak zorunda olacakt\u0131r.<\/p>\n<p><strong>Para Cezalar\u0131 ve Yapt\u0131r\u0131mlar<\/strong><\/p>\n<p>Yasal gerekliliklere uymazsan\u0131z, bunun sizin i\u00e7in sonu\u00e7lar\u0131 olabilir. \u00c7evre Kanunu&#8217;nun L171-8. Maddesi ve L173-1. Maddesi, y\u00fck\u00fcml\u00fcl\u00fcklerinizi ihlal etmeniz durumunda yetkililerin sizi uyarmas\u0131n\u0131 sa\u011flar. Sonu\u00e7 olarak, 100.000 Euro&#8217;ya kadar para cezas\u0131 veya iki y\u0131la kadar hapis cezas\u0131 verilebilir.<\/p>\n","protected":false},"excerpt":{"rendered":"<p>Politikac\u0131lar, \u00f6zellikle Avrupa&#8217;da daha iyi \u00e7evre korumas\u0131 ve ev ambalajlar\u0131n\u0131n sorumlu kullan\u0131m\u0131 i\u00e7in y\u0131llard\u0131r \u00e7al\u0131\u015f\u0131yorlar. Frans\u0131z \u00c7evre Yasas\u0131, Mad. L541-9-3, \u00fcr\u00fcnlerin do\u011fru imha y\u00f6ntemiyle ilgili olarak nas\u0131l etiketlenmesi gerekti\u011fini belirtir. Bkz: (https:\/\/www.legifrance.gouv.fr\/codes\/article_lc\/LEGIARTI000041556010) Fransa&#8217;ya mal ithal ediyorsan\u0131z, yeni yasal d\u00fczenlemeler, uyman\u0131z gereken yeni y\u00fck\u00fcml\u00fcl\u00fckler anlam\u0131na gelir. Bu yaz\u0131m\u0131zda Triman logosu ile ilgili dikkat etmeniz gerekenleri \u00f6\u011freneceksiniz. [&hellip;]<\/p>\n","protected":false},"author":1,"featured_media":4598,"comment_status":"open","ping_status":"open","sticky":false,"template":"","format":"video","meta":{"footnotes":""},"categories":[43],"tags":[],"class_list":["post-3645","post","type-post","status-publish","format-video","has-post-thumbnail","hentry","category-uncategorized-tr","post_format-post-format-video"],"_links":{"self":[{"href":"https:\/\/www.basgroupglobal.com\/tr\/wp-json\/wp\/v2\/posts\/3645","targetHints":{"allow":["GET"]}}],"collection":[{"href":"https:\/\/www.basgroupglobal.com\/tr\/wp-json\/wp\/v2\/posts"}],"about":[{"href":"https:\/\/www.basgroupglobal.com\/tr\/wp-json\/wp\/v2\/types\/post"}],"author":[{"embeddable":true,"href":"https:\/\/www.basgroupglobal.com\/tr\/wp-json\/wp\/v2\/users\/1"}],"replies":[{"embeddable":true,"href":"https:\/\/www.basgroupglobal.com\/tr\/wp-json\/wp\/v2\/comments?post=3645"}],"version-history":[{"count":0,"href":"https:\/\/www.basgroupglobal.com\/tr\/wp-json\/wp\/v2\/posts\/3645\/revisions"}],"wp:featuredmedia":[{"embeddable":true,"href":"https:\/\/www.basgroupglobal.com\/tr\/wp-json\/wp\/v2\/media\/4598"}],"wp:attachment":[{"href":"https:\/\/www.basgroupglobal.com\/tr\/wp-json\/wp\/v2\/media?parent=3645"}],"wp:term":[{"taxonomy":"category","embeddable":true,"href":"https:\/\/www.basgroupglobal.com\/tr\/wp-json\/wp\/v2\/categories?post=3645"},{"taxonomy":"post_tag","embeddable":true,"href":"https:\/\/www.basgroupglobal.com\/tr\/wp-json\/wp\/v2\/tags?post=3645"}],"curies":[{"name":"wp","href":"https:\/\/api.w.org\/{rel}","templated":true}]}}